{"id":16937,"date":"2021-02-02T15:15:25","date_gmt":"2021-02-02T14:15:25","guid":{"rendered":"https:\/\/www.frabina.ch\/informacion-actual-sobre-la-pandemia-de-covid-19\/"},"modified":"2021-11-04T18:12:24","modified_gmt":"2021-11-04T17:12:24","slug":"informacion-actual-sobre-la-pandemia-de-covid-19","status":"publish","type":"post","link":"https:\/\/frabina.ch\/es\/informacion-actual-sobre-la-pandemia-de-covid-19\/","title":{"rendered":"Informaci\u00f3n actual sobre la pandemia de COVID-19"},"content":{"rendered":"\t\t<div data-elementor-type=\"wp-post\" data-elementor-id=\"16937\" class=\"elementor elementor-16937 elementor-14985\">\n\t\t\t\t\t\t<section class=\"elementor-section elementor-top-section elementor-element elementor-element-8cae280 elementor-section-boxed elementor-section-height-default elementor-section-height-default\" data-id=\"8cae280\" data-element_type=\"section\" data-e-type=\"section\" data-settings=\"{&quot;pix_scale_in&quot;:&quot;none&quot;}\">\n\t\t\t\t\t\t<div class=\"elementor-container elementor-column-gap-default\">\n\t\t\t\t\t<div class=\"elementor-column elementor-col-100 elementor-top-column elementor-element elementor-element-68bbf9e\" data-id=\"68bbf9e\" data-element_type=\"column\" data-e-type=\"column\" data-settings=\"{&quot;pix_scale_in&quot;:&quot;none&quot;}\">\n\t\t\t<div class=\"elementor-widget-wrap elementor-element-populated\">\n\t\t\t\t\t\t<div class=\"elementor-element elementor-element-50d7eb6 elementor-widget elementor-widget-text-editor\" data-id=\"50d7eb6\" data-element_type=\"widget\" data-e-type=\"widget\" data-widget_type=\"text-editor.default\">\n\t\t\t\t<div class=\"elementor-widget-container\">\n\t\t\t\t\t\t\t\t\t<p><\/p>\n<p>Seguimos ofreciendo asesoramiento presencial en nuestros cuatro centros de asesoramiento de Berna, Tavannes, Solothurn y Olten. Se cumplen las normas oficiales de higiene y comportamiento. Es necesario pedir cita previa y las mascarillas son obligatorias.<\/p>\n<p>Recomendamos que, siempre que sea posible, las consultas se realicen por tel\u00e9fono, v\u00eddeo, chat o correo electr\u00f3nico.<\/p>\n<p>El punto de encuentro de la planta baja permanecer\u00e1 cerrado hasta nuevo aviso. Sin embargo, las sesiones cortas de asesoramiento s\u00ed se llevar\u00e1n a cabo. Puede acudir a una breve sesi\u00f3n de asesoramiento en la primera planta todos los martes de 15.00 a 17.00 h sin necesidad de cita previa<\/p>\n<p><\/p>\n\t\t\t\t\t\t\t\t<\/div>\n\t\t\t\t<\/div>\n\t\t\t\t\t<\/div>\n\t\t<\/div>\n\t\t\t\t\t<\/div>\n\t\t<\/section>\n\t\t\t\t<\/div>\n\t\t","protected":false},"excerpt":{"rendered":"<p>Seguimos ofreciendo asesoramiento presencial en nuestros cuatro centros de asesoramiento de Berna, Tavannes, Solothurn y Olten. Se cumplen las normas oficiales de higiene y comportamiento. Es necesario pedir cita previa y las mascarillas son obligatorias. Recomendamos que, siempre que sea&#8230;<\/p>\n","protected":false},"author":3,"featured_media":0,"comment_status":"open","ping_status":"closed","sticky":false,"template":"","format":"standard","meta":{"_monsterinsights_skip_tracking":false,"_monsterinsights_sitenote_active":false,"_monsterinsights_sitenote_note":"","_monsterinsights_sitenote_category":0,"footnotes":""},"categories":[85],"tags":[],"class_list":["post-16937","post","type-post","status-publish","format-standard","hentry","category-actualidades"],"aioseo_notices":[],"_links":{"self":[{"href":"https:\/\/frabina.ch\/es\/wp-json\/wp\/v2\/posts\/16937","targetHints":{"allow":["GET"]}}],"collection":[{"href":"https:\/\/frabina.ch\/es\/wp-json\/wp\/v2\/posts"}],"about":[{"href":"https:\/\/frabina.ch\/es\/wp-json\/wp\/v2\/types\/post"}],"author":[{"embeddable":true,"href":"https:\/\/frabina.ch\/es\/wp-json\/wp\/v2\/users\/3"}],"replies":[{"embeddable":true,"href":"https:\/\/frabina.ch\/es\/wp-json\/wp\/v2\/comments?post=16937"}],"version-history":[{"count":11,"href":"https:\/\/frabina.ch\/es\/wp-json\/wp\/v2\/posts\/16937\/revisions"}],"predecessor-version":[{"id":16948,"href":"https:\/\/frabina.ch\/es\/wp-json\/wp\/v2\/posts\/16937\/revisions\/16948"}],"wp:attachment":[{"href":"https:\/\/frabina.ch\/es\/wp-json\/wp\/v2\/media?parent=16937"}],"wp:term":[{"taxonomy":"category","embeddable":true,"href":"https:\/\/frabina.ch\/es\/wp-json\/wp\/v2\/categories?post=16937"},{"taxonomy":"post_tag","embeddable":true,"href":"https:\/\/frabina.ch\/es\/wp-json\/wp\/v2\/tags?post=16937"}],"curies":[{"name":"wp","href":"https:\/\/api.w.org\/{rel}","templated":true}]}}